{"id":556,"date":"2022-08-14T08:00:00","date_gmt":"2022-08-14T06:00:00","guid":{"rendered":"https:\/\/webentwicklung-hess.com\/werthwein-2022\/creativ-bee\/?p=556"},"modified":"2022-08-15T22:07:47","modified_gmt":"2022-08-15T20:07:47","slug":"kinderferienprogramm-2022","status":"publish","type":"post","link":"https:\/\/werthwein-gbr.de\/creativ-bee\/kinderferienprogramm-2022\/","title":{"rendered":"Kinderferienprogramm 2022"},"content":{"rendered":"<style>#kt-layout-id_ebfc75-cf > .kt-row-column-wrap{align-content:start;}:where(#kt-layout-id_ebfc75-cf > .kt-row-column-wrap) > .wp-block-kadence-column{justify-content:start;}#kt-layout-id_ebfc75-cf > .kt-row-column-wrap{column-gap:var(--global-kb-gap-md, 2rem);row-gap:var(--global-kb-gap-md, 2rem);padding-top:var( --global-kb-row-default-top, 25px );padding-bottom:var( --global-kb-row-default-bottom, 25px );padding-top:var(--global-kb-spacing-sm, 1.5rem);padding-bottom:var(--global-kb-spacing-sm, 1.5rem);grid-template-columns:minmax(0, calc(50% - ((var(--global-kb-gap-md, 2rem) * 1 )\/2)))minmax(0, calc(50% - ((var(--global-kb-gap-md, 2rem) * 1 )\/2)));}#kt-layout-id_ebfc75-cf > .kt-row-layout-overlay{opacity:0.30;}@media all and (max-width: 1024px){#kt-layout-id_ebfc75-cf > .kt-row-column-wrap{grid-template-columns:repeat(2, minmax(0, 1fr));}}@media all and (max-width: 767px){#kt-layout-id_ebfc75-cf > .kt-row-column-wrap{grid-template-columns:minmax(0, 1fr);}}<\/style>\n<div class=\"wp-block-kadence-rowlayout alignnone\"><div id=\"kt-layout-id_ebfc75-cf\" class=\"kt-row-layout-inner kt-layout-id_ebfc75-cf\"><div class=\"kt-row-column-wrap kt-has-2-columns kt-gutter-default kt-v-gutter-default kt-row-valign-top kt-row-layout-equal kt-tab-layout-inherit kt-m-colapse-left-to-right kt-mobile-layout-row  kt-custom-first-width-50  kt-custom-second-width-50\"><style>.kadence-column_268a13-e8 > .kt-inside-inner-col{border-top-width:0px;border-right-width:0px;border-bottom-width:0px;border-left-width:0px;}.kadence-column_268a13-e8 > .kt-inside-inner-col,.kadence-column_268a13-e8 > .kt-inside-inner-col:before{border-top-left-radius:0px;border-top-right-radius:0px;border-bottom-right-radius:0px;border-bottom-left-radius:0px;}.kadence-column_268a13-e8 > .kt-inside-inner-col{column-gap:var(--global-kb-gap-sm, 1rem);}.kadence-column_268a13-e8 > .kt-inside-inner-col{flex-direction:column;}.kadence-column_268a13-e8 > .kt-inside-inner-col > .aligncenter{width:100%;}.kadence-column_268a13-e8 > .kt-inside-inner-col:before{opacity:0.3;}.kadence-column_268a13-e8{position:relative;}@media all and (max-width: 1024px){.kadence-column_268a13-e8 > .kt-inside-inner-col{flex-direction:column;justify-content:center;}}@media all and (max-width: 767px){.kadence-column_268a13-e8 > .kt-inside-inner-col{flex-direction:column;justify-content:center;}}<\/style>\n<div class=\"wp-block-kadence-column inner-column-1 kadence-column_268a13-e8\"><div class=\"kt-inside-inner-col\">\n<figure class=\"wp-block-image size-full\"><img decoding=\"async\" width=\"900\" height=\"600\" src=\"https:\/\/werthwein-gbr.de\/creativ-bee\/wp-content\/uploads\/sites\/4\/2022\/08\/478A6683_web.jpg\" alt=\"\" class=\"wp-image-1130\" title=\"\" srcset=\"https:\/\/werthwein-gbr.de\/creativ-bee\/wp-content\/uploads\/sites\/4\/2022\/08\/478A6683_web.jpg 900w, https:\/\/werthwein-gbr.de\/creativ-bee\/wp-content\/uploads\/sites\/4\/2022\/08\/478A6683_web-300x200.jpg 300w, https:\/\/werthwein-gbr.de\/creativ-bee\/wp-content\/uploads\/sites\/4\/2022\/08\/478A6683_web-768x512.jpg 768w, https:\/\/werthwein-gbr.de\/creativ-bee\/wp-content\/uploads\/sites\/4\/2022\/08\/478A6683_web-600x400.jpg 600w, https:\/\/werthwein-gbr.de\/creativ-bee\/wp-content\/uploads\/sites\/4\/2022\/08\/478A6683_web-64x43.jpg 64w\" sizes=\"(max-width: 900px) 100vw, 900px\" \/><\/figure>\n\n\n\n<p><\/p>\n<\/div><\/div>\n\n\n<style>.kadence-column_15f7a9-ca > .kt-inside-inner-col{border-top-width:0px;border-right-width:0px;border-bottom-width:0px;border-left-width:0px;}.kadence-column_15f7a9-ca > .kt-inside-inner-col,.kadence-column_15f7a9-ca > .kt-inside-inner-col:before{border-top-left-radius:0px;border-top-right-radius:0px;border-bottom-right-radius:0px;border-bottom-left-radius:0px;}.kadence-column_15f7a9-ca > .kt-inside-inner-col{column-gap:var(--global-kb-gap-sm, 1rem);}.kadence-column_15f7a9-ca > .kt-inside-inner-col{flex-direction:column;}.kadence-column_15f7a9-ca > .kt-inside-inner-col > .aligncenter{width:100%;}.kadence-column_15f7a9-ca > .kt-inside-inner-col:before{opacity:0.3;}.kadence-column_15f7a9-ca{position:relative;}@media all and (max-width: 1024px){.kadence-column_15f7a9-ca > .kt-inside-inner-col{flex-direction:column;justify-content:center;}}@media all and (max-width: 767px){.kadence-column_15f7a9-ca > .kt-inside-inner-col{flex-direction:column;justify-content:center;}}<\/style>\n<div class=\"wp-block-kadence-column inner-column-2 kadence-column_15f7a9-ca\"><div class=\"kt-inside-inner-col\">\n<p>Mit unserer Creative Bee nehmen wir an den Kinderferienprogrammen in <a href=\"https:\/\/www.gerabronn.de\/nachrichtenleser\/ferienprogramm-2022-erscheint.html\" target=\"_blank\" rel=\"noopener\">Gerabronn<\/a>,<a href=\"https:\/\/www.blaufelden.de\/rathaus\/blaufelden-aktuell?tx_hwnews_hwnews%5Baction%5D=show&amp;tx_hwnews_hwnews%5Bcontroller%5D=Newsartikel&amp;tx_hwnews_hwnews%5BcurrentPage%5D=1&amp;tx_hwnews_hwnews%5BnewsartikelId%5D=1258&amp;cHash=d73d8d46623924829b6a47de1c73d9fd\" target=\"_blank\" rel=\"noopener\"> Blaufelden<\/a> und Langenburg teil.<\/p>\n\n\n\n<p>Unser Motto<strong>: &#8222;Steine selbst bemalen&#8220;<\/strong><\/p>\n\n\n\n<p>Mit etwas Farbe werden aus Steinen richtige Hingucker oder Gl\u00fccksbringer. Bei diesem Programmpunkt d\u00fcrft ihr euch k\u00fcnstlerisch und kreativ euren eigenen Themenstein, z.B. Gl\u00fcckstein, Sonnenstein, u.a. gestalten. Ihr k\u00f6nnt kleine Kunstobjekte, die im Haus und Garten einen Platz finden, schaffen und diese mit nach Hause nehmen. Wir beenden unsere kreativen Nachmittage in Gerabronn mit einer Kugel Eis. Die Kinder sind an der Eisdiele Gerabronn um 17:00 Uhr von den Eltern abzuholen.<br>Die Kinder aus Langenburg und Blaufelden erhalten eine s\u00fc\u00dfe \u00dcberraschung.<\/p>\n\n\n\n<p>Wow ~ Unsere Kurstage sind alle ausgebucht.<\/p>\n<\/div><\/div>\n<\/div><\/div><\/div>\n\n\n<style>#kt-layout-id_2f45ad-5b > .kt-row-column-wrap{align-content:start;}:where(#kt-layout-id_2f45ad-5b > .kt-row-column-wrap) > .wp-block-kadence-column{justify-content:start;}#kt-layout-id_2f45ad-5b > .kt-row-column-wrap{column-gap:var(--global-kb-gap-md, 2rem);row-gap:var(--global-kb-gap-md, 2rem);padding-top:var( --global-kb-row-default-top, 25px );padding-bottom:var( --global-kb-row-default-bottom, 25px );padding-top:var(--global-kb-spacing-sm, 1.5rem);padding-bottom:var(--global-kb-spacing-sm, 1.5rem);grid-template-columns:minmax(0, 1fr);}#kt-layout-id_2f45ad-5b{background-color:#fefa02;}#kt-layout-id_2f45ad-5b > .kt-row-layout-overlay{opacity:0.30;}@media all and (max-width: 1024px){#kt-layout-id_2f45ad-5b > .kt-row-column-wrap{grid-template-columns:minmax(0, 1fr);}}@media all and (max-width: 767px){#kt-layout-id_2f45ad-5b > .kt-row-column-wrap{grid-template-columns:minmax(0, 1fr);}}<\/style>\n<div class=\"wp-block-kadence-rowlayout aligncenter\"><div id=\"kt-layout-id_2f45ad-5b\" class=\"kt-row-layout-inner kt-row-has-bg kt-layout-id_2f45ad-5b\"><div class=\"kt-row-column-wrap kt-has-1-columns kt-gutter-default kt-v-gutter-default kt-row-valign-top kt-row-layout-equal kt-tab-layout-inherit kt-m-colapse-left-to-right kt-mobile-layout-row\"><style>.kadence-column_b99513-84 > .kt-inside-inner-col{border-top-width:0px;border-right-width:0px;border-bottom-width:0px;border-left-width:0px;}.kadence-column_b99513-84 > .kt-inside-inner-col,.kadence-column_b99513-84 > .kt-inside-inner-col:before{border-top-left-radius:0px;border-top-right-radius:0px;border-bottom-right-radius:0px;border-bottom-left-radius:0px;}.kadence-column_b99513-84 > .kt-inside-inner-col{column-gap:var(--global-kb-gap-sm, 1rem);}.kadence-column_b99513-84 > .kt-inside-inner-col{flex-direction:column;}.kadence-column_b99513-84 > .kt-inside-inner-col > .aligncenter{width:100%;}.kadence-column_b99513-84 > .kt-inside-inner-col:before{opacity:0.3;}.kadence-column_b99513-84{position:relative;}@media all and (max-width: 1024px){.kadence-column_b99513-84 > .kt-inside-inner-col{flex-direction:column;justify-content:center;}}@media all and (max-width: 767px){.kadence-column_b99513-84 > .kt-inside-inner-col{flex-direction:column;justify-content:center;}}<\/style>\n<div class=\"wp-block-kadence-column inner-column-1 kadence-column_b99513-84\"><div class=\"kt-inside-inner-col\">\n<p class=\"has-text-align-center\"><strong>Wir freuen uns darauf und w\u00fcnschen allen viel Spa\u00df.<\/strong><\/p>\n<\/div><\/div>\n<\/div><\/div><\/div>\n","protected":false},"excerpt":{"rendered":"<p>Mit unserer Creative Bee nehmen wir an den Kinderferienprogrammen in Gerabronn, Blaufelden und Langeburg teil.<\/p>\n","protected":false},"author":4,"featured_media":1128,"comment_status":"closed","ping_status":"closed","sticky":false,"template":"","format":"standard","meta":{"_acf_changed":false,"_uag_custom_page_level_css":"","_kad_blocks_custom_css":"","_kad_blocks_head_custom_js":"","_kad_blocks_body_custom_js":"","_kad_blocks_footer_custom_js":"","_kad_post_transparent":"","_kad_post_title":"","_kad_post_layout":"","_kad_post_sidebar_id":"","_kad_post_content_style":"","_kad_post_vertical_padding":"","_kad_post_feature":"","_kad_post_feature_position":"","_kad_post_header":false,"_kad_post_footer":false,"_kad_post_classname":"","footnotes":""},"categories":[80],"tags":[],"class_list":["post-556","post","type-post","status-publish","format-standard","has-post-thumbnail","hentry","category-immer-auf-dem-laufendem-bleiben"],"acf":[],"taxonomy_info":{"category":[{"value":80,"label":"News &amp; Aktuelles"}]},"featured_image_src_large":["https:\/\/werthwein-gbr.de\/creativ-bee\/wp-content\/uploads\/sites\/4\/2022\/08\/Steine_bemalt.jpg",900,600,false],"author_info":{"display_name":"Sabine Werthwein","author_link":"https:\/\/werthwein-gbr.de\/creativ-bee\/author\/sabine-werthwein\/"},"comment_info":0,"category_info":[{"term_id":80,"name":"News &amp; Aktuelles","slug":"immer-auf-dem-laufendem-bleiben","term_group":0,"term_taxonomy_id":80,"taxonomy":"category","description":"","parent":0,"count":4,"filter":"raw","term_order":"0","cat_ID":80,"category_count":4,"category_description":"","cat_name":"News &amp; Aktuelles","category_nicename":"immer-auf-dem-laufendem-bleiben","category_parent":0}],"tag_info":false,"uagb_featured_image_src":{"full":["https:\/\/werthwein-gbr.de\/creativ-bee\/wp-content\/uploads\/sites\/4\/2022\/08\/Steine_bemalt.jpg",900,600,false],"thumbnail":["https:\/\/werthwein-gbr.de\/creativ-bee\/wp-content\/uploads\/sites\/4\/2022\/08\/Steine_bemalt-150x150.jpg",150,150,true],"medium":["https:\/\/werthwein-gbr.de\/creativ-bee\/wp-content\/uploads\/sites\/4\/2022\/08\/Steine_bemalt-300x200.jpg",300,200,true],"medium_large":["https:\/\/werthwein-gbr.de\/creativ-bee\/wp-content\/uploads\/sites\/4\/2022\/08\/Steine_bemalt-768x512.jpg",768,512,true],"large":["https:\/\/werthwein-gbr.de\/creativ-bee\/wp-content\/uploads\/sites\/4\/2022\/08\/Steine_bemalt.jpg",900,600,false],"1536x1536":["https:\/\/werthwein-gbr.de\/creativ-bee\/wp-content\/uploads\/sites\/4\/2022\/08\/Steine_bemalt.jpg",900,600,false],"2048x2048":["https:\/\/werthwein-gbr.de\/creativ-bee\/wp-content\/uploads\/sites\/4\/2022\/08\/Steine_bemalt.jpg",900,600,false],"gform-image-choice-sm":["https:\/\/werthwein-gbr.de\/creativ-bee\/wp-content\/uploads\/sites\/4\/2022\/08\/Steine_bemalt.jpg",300,200,false],"gform-image-choice-md":["https:\/\/werthwein-gbr.de\/creativ-bee\/wp-content\/uploads\/sites\/4\/2022\/08\/Steine_bemalt.jpg",400,267,false],"gform-image-choice-lg":["https:\/\/werthwein-gbr.de\/creativ-bee\/wp-content\/uploads\/sites\/4\/2022\/08\/Steine_bemalt.jpg",600,400,false],"woocommerce_thumbnail":["https:\/\/werthwein-gbr.de\/creativ-bee\/wp-content\/uploads\/sites\/4\/2022\/08\/Steine_bemalt-600x400.jpg",600,400,true],"woocommerce_single":["https:\/\/werthwein-gbr.de\/creativ-bee\/wp-content\/uploads\/sites\/4\/2022\/08\/Steine_bemalt-465x465.jpg",465,465,true],"woocommerce_gallery_thumbnail":["https:\/\/werthwein-gbr.de\/creativ-bee\/wp-content\/uploads\/sites\/4\/2022\/08\/Steine_bemalt-100x100.jpg",100,100,true],"dgwt-wcas-product-suggestion":["https:\/\/werthwein-gbr.de\/creativ-bee\/wp-content\/uploads\/sites\/4\/2022\/08\/Steine_bemalt-64x43.jpg",64,43,true]},"uagb_author_info":{"display_name":"Sabine Werthwein","author_link":"https:\/\/werthwein-gbr.de\/creativ-bee\/author\/sabine-werthwein\/"},"uagb_comment_info":0,"uagb_excerpt":"Mit unserer Creative Bee nehmen wir an den Kinderferienprogrammen in Gerabronn, Blaufelden und Langeburg teil.","_links":{"self":[{"href":"https:\/\/werthwein-gbr.de\/creativ-bee\/wp-json\/wp\/v2\/posts\/556","targetHints":{"allow":["GET"]}}],"collection":[{"href":"https:\/\/werthwein-gbr.de\/creativ-bee\/wp-json\/wp\/v2\/posts"}],"about":[{"href":"https:\/\/werthwein-gbr.de\/creativ-bee\/wp-json\/wp\/v2\/types\/post"}],"author":[{"embeddable":true,"href":"https:\/\/werthwein-gbr.de\/creativ-bee\/wp-json\/wp\/v2\/users\/4"}],"replies":[{"embeddable":true,"href":"https:\/\/werthwein-gbr.de\/creativ-bee\/wp-json\/wp\/v2\/comments?post=556"}],"version-history":[{"count":13,"href":"https:\/\/werthwein-gbr.de\/creativ-bee\/wp-json\/wp\/v2\/posts\/556\/revisions"}],"predecessor-version":[{"id":1147,"href":"https:\/\/werthwein-gbr.de\/creativ-bee\/wp-json\/wp\/v2\/posts\/556\/revisions\/1147"}],"wp:featuredmedia":[{"embeddable":true,"href":"https:\/\/werthwein-gbr.de\/creativ-bee\/wp-json\/wp\/v2\/media\/1128"}],"wp:attachment":[{"href":"https:\/\/werthwein-gbr.de\/creativ-bee\/wp-json\/wp\/v2\/media?parent=556"}],"wp:term":[{"taxonomy":"category","embeddable":true,"href":"https:\/\/werthwein-gbr.de\/creativ-bee\/wp-json\/wp\/v2\/categories?post=556"},{"taxonomy":"post_tag","embeddable":true,"href":"https:\/\/werthwein-gbr.de\/creativ-bee\/wp-json\/wp\/v2\/tags?post=556"}],"curies":[{"name":"wp","href":"https:\/\/api.w.org\/{rel}","templated":true}]}}