{"id":1717,"date":"2023-09-22T18:40:35","date_gmt":"2023-09-22T16:40:35","guid":{"rendered":"https:\/\/werthwein-gbr.de\/creativ-bee\/?p=1717"},"modified":"2023-09-24T17:03:55","modified_gmt":"2023-09-24T15:03:55","slug":"langenburger-herbsttage-30-september-01-oktober-2023","status":"publish","type":"post","link":"https:\/\/werthwein-gbr.de\/creativ-bee\/langenburger-herbsttage-30-september-01-oktober-2023\/","title":{"rendered":"Langenburger Herbsttage 30. September &amp; 01. Oktober 2023"},"content":{"rendered":"<style>.kadence-column1717_1ddef7-22 > .kt-inside-inner-col,.kadence-column1717_1ddef7-22 > .kt-inside-inner-col:before{border-top-left-radius:0px;border-top-right-radius:0px;border-bottom-right-radius:0px;border-bottom-left-radius:0px;}.kadence-column1717_1ddef7-22 > .kt-inside-inner-col{column-gap:var(--global-kb-gap-sm, 1rem);}.kadence-column1717_1ddef7-22 > .kt-inside-inner-col{flex-direction:column;}.kadence-column1717_1ddef7-22 > .kt-inside-inner-col > .aligncenter{width:100%;}.kadence-column1717_1ddef7-22 > .kt-inside-inner-col:before{opacity:0.3;}.kadence-column1717_1ddef7-22{position:relative;}@media all and (max-width: 1024px){.kadence-column1717_1ddef7-22 > .kt-inside-inner-col{flex-direction:column;justify-content:center;}}@media all and (max-width: 767px){.kadence-column1717_1ddef7-22 > .kt-inside-inner-col{flex-direction:column;justify-content:center;}}<\/style>\n<div class=\"wp-block-kadence-column kadence-column1717_1ddef7-22 inner-column-1\"><div class=\"kt-inside-inner-col\"><\/div><\/div>\n\n\n<style>.kb-row-layout-id1717_b0155b-d7 > .kt-row-column-wrap{align-content:start;}:where(.kb-row-layout-id1717_b0155b-d7 > .kt-row-column-wrap) > .wp-block-kadence-column{justify-content:start;}.kb-row-layout-id1717_b0155b-d7 > .kt-row-column-wrap{column-gap:var(--global-kb-gap-md, 2rem);row-gap:var(--global-kb-gap-md, 2rem);padding-top:var(--global-kb-spacing-sm, 1.5rem);padding-bottom:var(--global-kb-spacing-sm, 1.5rem);grid-template-columns:minmax(0, calc(50% - ((var(--global-kb-gap-md, 2rem) * 1 )\/2)))minmax(0, calc(50% - ((var(--global-kb-gap-md, 2rem) * 1 )\/2)));}.kb-row-layout-id1717_b0155b-d7 > .kt-row-layout-overlay{opacity:0.30;}@media all and (max-width: 1024px){.kb-row-layout-id1717_b0155b-d7 > .kt-row-column-wrap{grid-template-columns:repeat(2, minmax(0, 1fr));}}@media all and (max-width: 767px){.kb-row-layout-id1717_b0155b-d7 > .kt-row-column-wrap{grid-template-columns:minmax(0, 1fr);}}<\/style><div class=\"kb-row-layout-wrap kb-row-layout-id1717_b0155b-d7 alignnone wp-block-kadence-rowlayout\"><div class=\"kt-row-column-wrap kt-has-2-columns kt-row-layout-equal kt-tab-layout-inherit kt-mobile-layout-row kt-row-valign-top\">\n<style>.kadence-column1717_eae5f0-89 > .kt-inside-inner-col,.kadence-column1717_eae5f0-89 > .kt-inside-inner-col:before{border-top-left-radius:0px;border-top-right-radius:0px;border-bottom-right-radius:0px;border-bottom-left-radius:0px;}.kadence-column1717_eae5f0-89 > .kt-inside-inner-col{column-gap:var(--global-kb-gap-sm, 1rem);}.kadence-column1717_eae5f0-89 > .kt-inside-inner-col{flex-direction:column;}.kadence-column1717_eae5f0-89 > .kt-inside-inner-col > .aligncenter{width:100%;}.kadence-column1717_eae5f0-89 > .kt-inside-inner-col:before{opacity:0.3;}.kadence-column1717_eae5f0-89{position:relative;}@media all and (max-width: 1024px){.kadence-column1717_eae5f0-89 > .kt-inside-inner-col{flex-direction:column;justify-content:center;}}@media all and (max-width: 767px){.kadence-column1717_eae5f0-89 > .kt-inside-inner-col{flex-direction:column;justify-content:center;}}<\/style>\n<div class=\"wp-block-kadence-column kadence-column1717_eae5f0-89 inner-column-2\"><div class=\"kt-inside-inner-col\">\n<p><strong><a href=\"https:\/\/www.langenburg.de\/index.php?id=82&amp;no_cache=1&amp;publish%5Bid%5D=1438316&amp;publish%5Bstart%5D=\" target=\"_blank\" rel=\"noreferrer noopener\">Langenburger Herbsttage<\/a><\/strong><\/p>\n\n\n\n<p>Es ist wieder soweit.<br>Die Stadt Langenburg veranstaltet vom 30. September bis 01. Oktober die Langenburger Herbsttage ~ wir sind nat\u00fcrlich auch wieder dabei und bereichern die Langenburger Herbsttage gerne mit einem \u201eKreativstand\u201c als Kinder-Mitmachaktion (auch f\u00fcr Erwachsene super geeignet).<\/p>\n\n\n\n<p><strong>\u201eMandalas  ausmalen<\/strong>&#8222;<br><br>Mandalas ausmalen ist f\u00fcr kleine und gro\u00dfe Kinder eine tolle Freizeitbesch\u00e4ftigung. Es f\u00f6rdert die Kreativit\u00e4t und Konzentration, sowie den Umgang mit Stiften und Farben. <br>Wir haben selbst gezeichnete Vorlagen und <br>Ausmalhilfen f\u00fcr unterschiedliche Altersgruppen dabei.<\/p>\n\n\n\n<p><strong>\u201eButtons selbst gestalten&#8220;<\/strong><br><br>Ein Button mit deinem Namen oder Lieblingsmotiv farbenfroh selbst zu kreieren, macht einfach Spa\u00df und du tr\u00e4gst ihn mit Stolz.<br>Du malst auf einer Buttonvorlage und wir stellen deinen Button direkt vor Ort her ~ also gleich zum Anstecken.<br>Unkostenbeitrag pro Button 2,00 \u20ac<\/p>\n\n\n\n<p><strong>\u201eSpa\u00df mit unserer Fotobox&#8220;<\/strong><br><br>Unser Highlight auf den diesj\u00e4hrigen Herbsttagen sind Bilder aus unserer Fotobox.<br>Zeigt euch mit euren kreativen Motiven und habt einfach Spa\u00df.<\/p>\n\n\n\n<p><strong>\u201eSteine selbst bemalen&#8220;<\/strong><\/p>\n\n\n\n<p>Mit etwas Farbe werden aus Steinen richtige Hingucker oder Gl\u00fccksbringer. Bei diesem Programmpunkt kann sich jeder k\u00fcnstlerisch und kreativ seinen eigenen Themenstein, z.B. einen Gl\u00fcckstein oder einen Sonnenstein gestalten. Kleine Kunstobjekte, die im Haus und Garten einen Platz finden, k\u00f6nnen selbst erstellt und nat\u00fcrlich mit nach Hause genommen werden. (witterungsbedingt)<\/p>\n\n\n\n<p><strong>\u201eGru\u00dfkarten selbst gestalten\u201c<\/strong><\/p>\n\n\n\n<p>Farbenfrohe Kunstwerke haben uns schon immer begeistert und wir haben uns oft vorgestellt, wie wir unsere Freunde und Familie mit eigenen Kreationen beeindrucken. F\u00fcr uns gibt es nichts Sch\u00f6neres, als kreativ zu sein und einfach einmal abzuschalten. Wir zeigen, wie Gru\u00df- und Postkarten mit einfachen Mitteln schnell und kreativ gestaltet werden k\u00f6nnen. Gro\u00dfartige Motive werden euch erwarten.<\/p>\n\n\n\n<p><strong>Hinweis:<\/strong><br>Bitte auf entsprechende Kleidung achten, die auch schmutzig werden darf.<br>Unkostenbeitrag je Teilnehmer 5,00 \u20ac pauschal.<br>F\u00fcr Buttons 2,00 \u20ac pro Button.<\/p>\n<\/div><\/div>\n\n\n<style>.kadence-column1717_b3c0de-3c > .kt-inside-inner-col,.kadence-column1717_b3c0de-3c > .kt-inside-inner-col:before{border-top-left-radius:0px;border-top-right-radius:0px;border-bottom-right-radius:0px;border-bottom-left-radius:0px;}.kadence-column1717_b3c0de-3c > .kt-inside-inner-col{column-gap:var(--global-kb-gap-sm, 1rem);}.kadence-column1717_b3c0de-3c > .kt-inside-inner-col{flex-direction:column;}.kadence-column1717_b3c0de-3c > .kt-inside-inner-col > .aligncenter{width:100%;}.kadence-column1717_b3c0de-3c > .kt-inside-inner-col:before{opacity:0.3;}.kadence-column1717_b3c0de-3c{position:relative;}@media all and (max-width: 1024px){.kadence-column1717_b3c0de-3c > .kt-inside-inner-col{flex-direction:column;justify-content:center;}}@media all and (max-width: 767px){.kadence-column1717_b3c0de-3c > .kt-inside-inner-col{flex-direction:column;justify-content:center;}}<\/style>\n<div class=\"wp-block-kadence-column kadence-column1717_b3c0de-3c\"><div class=\"kt-inside-inner-col\">\n<figure class=\"wp-block-image size-large\"><img decoding=\"async\" width=\"1024\" height=\"1024\" src=\"https:\/\/werthwein-gbr.de\/creativ-bee\/wp-content\/uploads\/sites\/4\/2023\/09\/Kuerbis-1-1024x1024.jpg\" alt=\"\" class=\"wp-image-1732\" title=\"\" srcset=\"https:\/\/werthwein-gbr.de\/creativ-bee\/wp-content\/uploads\/sites\/4\/2023\/09\/Kuerbis-1-1024x1024.jpg 1024w, https:\/\/werthwein-gbr.de\/creativ-bee\/wp-content\/uploads\/sites\/4\/2023\/09\/Kuerbis-1-300x300.jpg 300w, https:\/\/werthwein-gbr.de\/creativ-bee\/wp-content\/uploads\/sites\/4\/2023\/09\/Kuerbis-1-150x150.jpg 150w, https:\/\/werthwein-gbr.de\/creativ-bee\/wp-content\/uploads\/sites\/4\/2023\/09\/Kuerbis-1-768x768.jpg 768w, https:\/\/werthwein-gbr.de\/creativ-bee\/wp-content\/uploads\/sites\/4\/2023\/09\/Kuerbis-1-1536x1536.jpg 1536w, https:\/\/werthwein-gbr.de\/creativ-bee\/wp-content\/uploads\/sites\/4\/2023\/09\/Kuerbis-1-2048x2048.jpg 2048w, https:\/\/werthwein-gbr.de\/creativ-bee\/wp-content\/uploads\/sites\/4\/2023\/09\/Kuerbis-1-64x64.jpg 64w, https:\/\/werthwein-gbr.de\/creativ-bee\/wp-content\/uploads\/sites\/4\/2023\/09\/Kuerbis-1-600x600.jpg 600w, https:\/\/werthwein-gbr.de\/creativ-bee\/wp-content\/uploads\/sites\/4\/2023\/09\/Kuerbis-1-465x465.jpg 465w, https:\/\/werthwein-gbr.de\/creativ-bee\/wp-content\/uploads\/sites\/4\/2023\/09\/Kuerbis-1-100x100.jpg 100w\" sizes=\"(max-width: 1024px) 100vw, 1024px\" \/><\/figure>\n\n\n\n<figure class=\"wp-block-image size-full\"><img decoding=\"async\" width=\"900\" height=\"900\" src=\"https:\/\/werthwein-gbr.de\/creativ-bee\/wp-content\/uploads\/sites\/4\/2022\/08\/478A6765_web.jpg\" alt=\"\" class=\"wp-image-1448\" title=\"\" srcset=\"https:\/\/werthwein-gbr.de\/creativ-bee\/wp-content\/uploads\/sites\/4\/2022\/08\/478A6765_web.jpg 900w, https:\/\/werthwein-gbr.de\/creativ-bee\/wp-content\/uploads\/sites\/4\/2022\/08\/478A6765_web-300x300.jpg 300w, https:\/\/werthwein-gbr.de\/creativ-bee\/wp-content\/uploads\/sites\/4\/2022\/08\/478A6765_web-150x150.jpg 150w, https:\/\/werthwein-gbr.de\/creativ-bee\/wp-content\/uploads\/sites\/4\/2022\/08\/478A6765_web-768x768.jpg 768w, https:\/\/werthwein-gbr.de\/creativ-bee\/wp-content\/uploads\/sites\/4\/2022\/08\/478A6765_web-64x64.jpg 64w, https:\/\/werthwein-gbr.de\/creativ-bee\/wp-content\/uploads\/sites\/4\/2022\/08\/478A6765_web-600x600.jpg 600w, https:\/\/werthwein-gbr.de\/creativ-bee\/wp-content\/uploads\/sites\/4\/2022\/08\/478A6765_web-465x465.jpg 465w, https:\/\/werthwein-gbr.de\/creativ-bee\/wp-content\/uploads\/sites\/4\/2022\/08\/478A6765_web-100x100.jpg 100w\" sizes=\"(max-width: 900px) 100vw, 900px\" \/><\/figure>\n\n\n\n<figure class=\"wp-block-image size-full\"><img decoding=\"async\" width=\"1000\" height=\"1000\" src=\"https:\/\/werthwein-gbr.de\/creativ-bee\/wp-content\/uploads\/sites\/4\/2022\/11\/Fotobox-Schild-Q99.jpg\" alt=\"\" class=\"wp-image-1590\" title=\"\" srcset=\"https:\/\/werthwein-gbr.de\/creativ-bee\/wp-content\/uploads\/sites\/4\/2022\/11\/Fotobox-Schild-Q99.jpg 1000w, https:\/\/werthwein-gbr.de\/creativ-bee\/wp-content\/uploads\/sites\/4\/2022\/11\/Fotobox-Schild-Q99-300x300.jpg 300w, https:\/\/werthwein-gbr.de\/creativ-bee\/wp-content\/uploads\/sites\/4\/2022\/11\/Fotobox-Schild-Q99-150x150.jpg 150w, https:\/\/werthwein-gbr.de\/creativ-bee\/wp-content\/uploads\/sites\/4\/2022\/11\/Fotobox-Schild-Q99-768x768.jpg 768w, https:\/\/werthwein-gbr.de\/creativ-bee\/wp-content\/uploads\/sites\/4\/2022\/11\/Fotobox-Schild-Q99-64x64.jpg 64w, https:\/\/werthwein-gbr.de\/creativ-bee\/wp-content\/uploads\/sites\/4\/2022\/11\/Fotobox-Schild-Q99-600x600.jpg 600w, https:\/\/werthwein-gbr.de\/creativ-bee\/wp-content\/uploads\/sites\/4\/2022\/11\/Fotobox-Schild-Q99-465x465.jpg 465w, https:\/\/werthwein-gbr.de\/creativ-bee\/wp-content\/uploads\/sites\/4\/2022\/11\/Fotobox-Schild-Q99-100x100.jpg 100w\" sizes=\"(max-width: 1000px) 100vw, 1000px\" \/><\/figure>\n<\/div><\/div>\n\n<\/div><\/div>\n\n<style>.kb-row-layout-id1717_ef366c-5a > .kt-row-column-wrap{align-content:start;}:where(.kb-row-layout-id1717_ef366c-5a > .kt-row-column-wrap) > .wp-block-kadence-column{justify-content:start;}.kb-row-layout-id1717_ef366c-5a > .kt-row-column-wrap{column-gap:var(--global-kb-gap-md, 2rem);row-gap:var(--global-kb-gap-md, 2rem);padding-top:var(--global-kb-spacing-sm, 1.5rem);padding-bottom:var(--global-kb-spacing-sm, 1.5rem);grid-template-columns:minmax(0, 1fr);}.kb-row-layout-id1717_ef366c-5a > .kt-row-layout-overlay{opacity:0.30;}@media all and (max-width: 1024px){.kb-row-layout-id1717_ef366c-5a > .kt-row-column-wrap{grid-template-columns:minmax(0, 1fr);}}@media all and (max-width: 767px){.kb-row-layout-id1717_ef366c-5a > .kt-row-column-wrap{grid-template-columns:minmax(0, 1fr);}}<\/style><div class=\"kb-row-layout-wrap kb-row-layout-id1717_ef366c-5a alignnone wp-block-kadence-rowlayout\"><div class=\"kt-row-column-wrap kt-has-1-columns kt-row-layout-equal kt-tab-layout-inherit kt-mobile-layout-row kt-row-valign-top\">\n<style>.kadence-column1717_3670e1-55 > .kt-inside-inner-col,.kadence-column1717_3670e1-55 > .kt-inside-inner-col:before{border-top-left-radius:0px;border-top-right-radius:0px;border-bottom-right-radius:0px;border-bottom-left-radius:0px;}.kadence-column1717_3670e1-55 > .kt-inside-inner-col{column-gap:var(--global-kb-gap-sm, 1rem);}.kadence-column1717_3670e1-55 > .kt-inside-inner-col{flex-direction:column;}.kadence-column1717_3670e1-55 > .kt-inside-inner-col > .aligncenter{width:100%;}.kadence-column1717_3670e1-55 > .kt-inside-inner-col:before{opacity:0.3;}.kadence-column1717_3670e1-55{position:relative;}@media all and (max-width: 1024px){.kadence-column1717_3670e1-55 > .kt-inside-inner-col{flex-direction:column;justify-content:center;}}@media all and (max-width: 767px){.kadence-column1717_3670e1-55 > .kt-inside-inner-col{flex-direction:column;justify-content:center;}}<\/style>\n<div class=\"wp-block-kadence-column kadence-column1717_3670e1-55 inner-column-1\"><div class=\"kt-inside-inner-col\"><style>.kb-advanced-slider-1717_4432d4-b4 .kb-slider-pause-button{color:#fff;background-color:rgba(0, 0, 0, 0.8);border:1px solid transparent;}<\/style><div class=\"kb-advanced-slider kb-advanced-slider-1717_4432d4-b4 wp-block-kadence-slider\"><div class=\"kb-advanced-slider-inner-contain kb-adv-slider-html-version-2\"><div class=\"kb-blocks-advanced-carousel kt-blocks-carousel kt-carousel-container-dotstyle-dark\"><div class=\"kb-blocks-advanced-slider-init kb-slider-loading kb-blocks-slider kt-carousel-arrowstyle-whiteondark kt-carousel-dotstyle-dark kb-slider-size-ratio kb-slider-type-slider kb-slider-ratio-12-5 kb-slider-group-arrow kb-slider-arrow-position-center kb-slider-tab-ratio-inherit kb-slider-mobile-ratio-inherit splide kb-splide  kb-slider-version-2\" aria-label=\"Slider content\" data-slider-center-mode=\"true\" data-slider-type=\"slider\" data-loop-type=\"loop\" data-columns-xxl=\"3\" data-columns-xl=\"3\" data-columns-md=\"3\" data-columns-sm=\"2\" data-columns-xs=\"1\" data-columns-ss=\"1\" data-slider-anim-speed=\"400\" data-slider-scroll=\"1\" data-slider-fade=\"true\" data-slider-arrows=\"true\" data-slider-dots=\"true\" data-slider-hover-pause=\"false\" data-slider-auto=\"true\"  data-dragging=\"true\" data-slider-speed=\"7000\" data-slider-gap=\"30\" data-slider-gap-tablet=\"30\" data-slider-gap-mobile=\"30\" data-slider-gap-unit=\"px\"><div class=\"splide__track\"><ul class=\"splide__list\">\n\n<div class=\"wp-block-kadence-slide kb-advanced-slide-item kb-slide-1717_863ad0-06\"><div class=\"kb-advanced-slide\"><div class=\"kb-advanced-slide-inner-wrap\"><div class=\"kb-advanced-slide-inner\"><style>.kb-image1717_a06945-0b .kb-image-has-overlay:after{opacity:0.3;}<\/style>\n<figure class=\"wp-block-kadence-image kb-image1717_a06945-0b size-full\"><img decoding=\"async\" width=\"900\" height=\"900\" src=\"https:\/\/werthwein-gbr.de\/creativ-bee\/wp-content\/uploads\/sites\/4\/2022\/08\/478A6765_web.jpg\" alt=\"\" class=\"kb-img wp-image-1448\" title=\"\" srcset=\"https:\/\/werthwein-gbr.de\/creativ-bee\/wp-content\/uploads\/sites\/4\/2022\/08\/478A6765_web.jpg 900w, https:\/\/werthwein-gbr.de\/creativ-bee\/wp-content\/uploads\/sites\/4\/2022\/08\/478A6765_web-300x300.jpg 300w, https:\/\/werthwein-gbr.de\/creativ-bee\/wp-content\/uploads\/sites\/4\/2022\/08\/478A6765_web-150x150.jpg 150w, https:\/\/werthwein-gbr.de\/creativ-bee\/wp-content\/uploads\/sites\/4\/2022\/08\/478A6765_web-768x768.jpg 768w, https:\/\/werthwein-gbr.de\/creativ-bee\/wp-content\/uploads\/sites\/4\/2022\/08\/478A6765_web-64x64.jpg 64w, https:\/\/werthwein-gbr.de\/creativ-bee\/wp-content\/uploads\/sites\/4\/2022\/08\/478A6765_web-600x600.jpg 600w, https:\/\/werthwein-gbr.de\/creativ-bee\/wp-content\/uploads\/sites\/4\/2022\/08\/478A6765_web-465x465.jpg 465w, https:\/\/werthwein-gbr.de\/creativ-bee\/wp-content\/uploads\/sites\/4\/2022\/08\/478A6765_web-100x100.jpg 100w\" sizes=\"(max-width: 900px) 100vw, 900px\" \/><\/figure>\n<\/div><\/div><\/div><\/div>\n\n\n\n<div class=\"wp-block-kadence-slide kb-advanced-slide-item kb-slide-1717_863767-a2\"><div class=\"kb-advanced-slide\"><div class=\"kb-advanced-slide-inner-wrap\"><div class=\"kb-advanced-slide-inner\"><style>.kb-image1717_c40a10-21 .kb-image-has-overlay:after{opacity:0.3;}<\/style>\n<figure class=\"wp-block-kadence-image kb-image1717_c40a10-21 size-full\"><img decoding=\"async\" width=\"900\" height=\"600\" src=\"https:\/\/werthwein-gbr.de\/creativ-bee\/wp-content\/uploads\/sites\/4\/2022\/09\/478A6771_web.jpg\" alt=\"\" class=\"kb-img wp-image-1498\" title=\"\" srcset=\"https:\/\/werthwein-gbr.de\/creativ-bee\/wp-content\/uploads\/sites\/4\/2022\/09\/478A6771_web.jpg 900w, https:\/\/werthwein-gbr.de\/creativ-bee\/wp-content\/uploads\/sites\/4\/2022\/09\/478A6771_web-300x200.jpg 300w, https:\/\/werthwein-gbr.de\/creativ-bee\/wp-content\/uploads\/sites\/4\/2022\/09\/478A6771_web-768x512.jpg 768w, https:\/\/werthwein-gbr.de\/creativ-bee\/wp-content\/uploads\/sites\/4\/2022\/09\/478A6771_web-600x400.jpg 600w, https:\/\/werthwein-gbr.de\/creativ-bee\/wp-content\/uploads\/sites\/4\/2022\/09\/478A6771_web-64x43.jpg 64w\" sizes=\"(max-width: 900px) 100vw, 900px\" \/><\/figure>\n<\/div><\/div><\/div><\/div>\n\n\n\n<div class=\"wp-block-kadence-slide kb-advanced-slide-item kb-slide-1717_2e615a-5d\"><div class=\"kb-advanced-slide\"><div class=\"kb-advanced-slide-inner-wrap\"><div class=\"kb-advanced-slide-inner\"><style>.kb-image1717_1cea43-76 .kb-image-has-overlay:after{opacity:0.3;}<\/style>\n<figure class=\"wp-block-kadence-image kb-image1717_1cea43-76 size-full\"><img decoding=\"async\" width=\"600\" height=\"900\" src=\"https:\/\/werthwein-gbr.de\/creativ-bee\/wp-content\/uploads\/sites\/4\/2022\/09\/478A6772_web-e1663343349254.jpg\" alt=\"\" class=\"kb-img wp-image-1499\" title=\"\"><\/figure>\n<\/div><\/div><\/div><\/div>\n\n\n\n<div class=\"wp-block-kadence-slide kb-advanced-slide-item kb-slide-1717_3c34cd-01\"><div class=\"kb-advanced-slide\"><div class=\"kb-advanced-slide-inner-wrap\"><div class=\"kb-advanced-slide-inner\"><style>.kb-image1717_d5bce4-fe .kb-image-has-overlay:after{opacity:0.3;}<\/style>\n<figure class=\"wp-block-kadence-image kb-image1717_d5bce4-fe size-full\"><img decoding=\"async\" width=\"600\" height=\"900\" src=\"https:\/\/werthwein-gbr.de\/creativ-bee\/wp-content\/uploads\/sites\/4\/2022\/09\/478A6774_web-e1663343312374.jpg\" alt=\"\" class=\"kb-img wp-image-1500\" title=\"\"><\/figure>\n<\/div><\/div><\/div><\/div>\n\n\n\n<div class=\"wp-block-kadence-slide kb-advanced-slide-item kb-slide-1717_62aad1-d6\"><div class=\"kb-advanced-slide\"><div class=\"kb-advanced-slide-inner-wrap\"><div class=\"kb-advanced-slide-inner\"><style>.kb-image1717_c4438f-72 .kb-image-has-overlay:after{opacity:0.3;}<\/style>\n<figure class=\"wp-block-kadence-image kb-image1717_c4438f-72 size-full\"><img decoding=\"async\" width=\"600\" height=\"900\" src=\"https:\/\/werthwein-gbr.de\/creativ-bee\/wp-content\/uploads\/sites\/4\/2022\/09\/478A6775_web-e1663343331265.jpg\" alt=\"\" class=\"kb-img wp-image-1501\" title=\"\"><\/figure>\n<\/div><\/div><\/div><\/div>\n\n\n\n<div class=\"wp-block-kadence-slide kb-advanced-slide-item kb-slide-1717_98b2d1-cb\"><div class=\"kb-advanced-slide\"><div class=\"kb-advanced-slide-inner-wrap\"><div class=\"kb-advanced-slide-inner\">\n<figure class=\"wp-block-image size-large\"><img decoding=\"async\" width=\"1024\" height=\"1024\" src=\"https:\/\/werthwein-gbr.de\/creativ-bee\/wp-content\/uploads\/sites\/4\/2023\/09\/Kuerbis-1024x1024.jpg\" alt=\"\" class=\"wp-image-1724\" title=\"\" srcset=\"https:\/\/werthwein-gbr.de\/creativ-bee\/wp-content\/uploads\/sites\/4\/2023\/09\/Kuerbis-1024x1024.jpg 1024w, https:\/\/werthwein-gbr.de\/creativ-bee\/wp-content\/uploads\/sites\/4\/2023\/09\/Kuerbis-300x300.jpg 300w, https:\/\/werthwein-gbr.de\/creativ-bee\/wp-content\/uploads\/sites\/4\/2023\/09\/Kuerbis-150x150.jpg 150w, https:\/\/werthwein-gbr.de\/creativ-bee\/wp-content\/uploads\/sites\/4\/2023\/09\/Kuerbis-768x768.jpg 768w, https:\/\/werthwein-gbr.de\/creativ-bee\/wp-content\/uploads\/sites\/4\/2023\/09\/Kuerbis-1536x1536.jpg 1536w, https:\/\/werthwein-gbr.de\/creativ-bee\/wp-content\/uploads\/sites\/4\/2023\/09\/Kuerbis-2048x2048.jpg 2048w, https:\/\/werthwein-gbr.de\/creativ-bee\/wp-content\/uploads\/sites\/4\/2023\/09\/Kuerbis-64x64.jpg 64w, https:\/\/werthwein-gbr.de\/creativ-bee\/wp-content\/uploads\/sites\/4\/2023\/09\/Kuerbis-600x600.jpg 600w, https:\/\/werthwein-gbr.de\/creativ-bee\/wp-content\/uploads\/sites\/4\/2023\/09\/Kuerbis-465x465.jpg 465w, https:\/\/werthwein-gbr.de\/creativ-bee\/wp-content\/uploads\/sites\/4\/2023\/09\/Kuerbis-100x100.jpg 100w\" sizes=\"(max-width: 1024px) 100vw, 1024px\" \/><\/figure>\n<\/div><\/div><\/div><\/div>\n\n\n\n<div class=\"wp-block-kadence-slide kb-advanced-slide-item kb-slide-1717_4f1a35-f7\"><div class=\"kb-advanced-slide\"><div class=\"kb-advanced-slide-inner-wrap\"><div class=\"kb-advanced-slide-inner\">\n<figure class=\"wp-block-image size-large\"><img decoding=\"async\" width=\"1024\" height=\"1024\" src=\"https:\/\/werthwein-gbr.de\/creativ-bee\/wp-content\/uploads\/sites\/4\/2023\/09\/Finn-1024x1024.jpg\" alt=\"\" class=\"wp-image-1723\" title=\"\" srcset=\"https:\/\/werthwein-gbr.de\/creativ-bee\/wp-content\/uploads\/sites\/4\/2023\/09\/Finn-1024x1024.jpg 1024w, https:\/\/werthwein-gbr.de\/creativ-bee\/wp-content\/uploads\/sites\/4\/2023\/09\/Finn-300x300.jpg 300w, https:\/\/werthwein-gbr.de\/creativ-bee\/wp-content\/uploads\/sites\/4\/2023\/09\/Finn-150x150.jpg 150w, https:\/\/werthwein-gbr.de\/creativ-bee\/wp-content\/uploads\/sites\/4\/2023\/09\/Finn-768x768.jpg 768w, https:\/\/werthwein-gbr.de\/creativ-bee\/wp-content\/uploads\/sites\/4\/2023\/09\/Finn-1536x1536.jpg 1536w, https:\/\/werthwein-gbr.de\/creativ-bee\/wp-content\/uploads\/sites\/4\/2023\/09\/Finn-2048x2048.jpg 2048w, https:\/\/werthwein-gbr.de\/creativ-bee\/wp-content\/uploads\/sites\/4\/2023\/09\/Finn-64x64.jpg 64w, https:\/\/werthwein-gbr.de\/creativ-bee\/wp-content\/uploads\/sites\/4\/2023\/09\/Finn-600x600.jpg 600w, https:\/\/werthwein-gbr.de\/creativ-bee\/wp-content\/uploads\/sites\/4\/2023\/09\/Finn-465x465.jpg 465w, https:\/\/werthwein-gbr.de\/creativ-bee\/wp-content\/uploads\/sites\/4\/2023\/09\/Finn-100x100.jpg 100w\" sizes=\"(max-width: 1024px) 100vw, 1024px\" \/><\/figure>\n<\/div><\/div><\/div><\/div>\n\n\n\n<div class=\"wp-block-kadence-slide kb-advanced-slide-item kb-slide-1717_e2b9b6-15\"><div class=\"kb-advanced-slide\"><div class=\"kb-advanced-slide-inner-wrap\"><div class=\"kb-advanced-slide-inner\">\n<figure class=\"wp-block-image size-large\"><img decoding=\"async\" width=\"1024\" height=\"1024\" src=\"https:\/\/werthwein-gbr.de\/creativ-bee\/wp-content\/uploads\/sites\/4\/2023\/09\/Smilla-1024x1024.jpg\" alt=\"\" class=\"wp-image-1727\" title=\"\" srcset=\"https:\/\/werthwein-gbr.de\/creativ-bee\/wp-content\/uploads\/sites\/4\/2023\/09\/Smilla-1024x1024.jpg 1024w, https:\/\/werthwein-gbr.de\/creativ-bee\/wp-content\/uploads\/sites\/4\/2023\/09\/Smilla-300x300.jpg 300w, https:\/\/werthwein-gbr.de\/creativ-bee\/wp-content\/uploads\/sites\/4\/2023\/09\/Smilla-150x150.jpg 150w, https:\/\/werthwein-gbr.de\/creativ-bee\/wp-content\/uploads\/sites\/4\/2023\/09\/Smilla-768x768.jpg 768w, https:\/\/werthwein-gbr.de\/creativ-bee\/wp-content\/uploads\/sites\/4\/2023\/09\/Smilla-1536x1536.jpg 1536w, https:\/\/werthwein-gbr.de\/creativ-bee\/wp-content\/uploads\/sites\/4\/2023\/09\/Smilla-2048x2048.jpg 2048w, https:\/\/werthwein-gbr.de\/creativ-bee\/wp-content\/uploads\/sites\/4\/2023\/09\/Smilla-64x64.jpg 64w, https:\/\/werthwein-gbr.de\/creativ-bee\/wp-content\/uploads\/sites\/4\/2023\/09\/Smilla-600x600.jpg 600w, https:\/\/werthwein-gbr.de\/creativ-bee\/wp-content\/uploads\/sites\/4\/2023\/09\/Smilla-465x465.jpg 465w, https:\/\/werthwein-gbr.de\/creativ-bee\/wp-content\/uploads\/sites\/4\/2023\/09\/Smilla-100x100.jpg 100w, https:\/\/werthwein-gbr.de\/creativ-bee\/wp-content\/uploads\/sites\/4\/2023\/09\/Smilla-930x930.jpg 930w\" sizes=\"(max-width: 1024px) 100vw, 1024px\" \/><\/figure>\n<\/div><\/div><\/div><\/div>\n\n\n\n<div class=\"wp-block-kadence-slide kb-advanced-slide-item kb-slide-1717_25ce8b-ec\"><div class=\"kb-advanced-slide\"><div class=\"kb-advanced-slide-inner-wrap\"><div class=\"kb-advanced-slide-inner\">\n<figure class=\"wp-block-image size-large\"><img decoding=\"async\" width=\"1024\" height=\"1024\" src=\"https:\/\/werthwein-gbr.de\/creativ-bee\/wp-content\/uploads\/sites\/4\/2023\/09\/Schiffe-1024x1024.jpg\" alt=\"\" class=\"wp-image-1726\" title=\"\" srcset=\"https:\/\/werthwein-gbr.de\/creativ-bee\/wp-content\/uploads\/sites\/4\/2023\/09\/Schiffe-1024x1024.jpg 1024w, https:\/\/werthwein-gbr.de\/creativ-bee\/wp-content\/uploads\/sites\/4\/2023\/09\/Schiffe-300x300.jpg 300w, https:\/\/werthwein-gbr.de\/creativ-bee\/wp-content\/uploads\/sites\/4\/2023\/09\/Schiffe-150x150.jpg 150w, https:\/\/werthwein-gbr.de\/creativ-bee\/wp-content\/uploads\/sites\/4\/2023\/09\/Schiffe-768x768.jpg 768w, https:\/\/werthwein-gbr.de\/creativ-bee\/wp-content\/uploads\/sites\/4\/2023\/09\/Schiffe-1536x1536.jpg 1536w, https:\/\/werthwein-gbr.de\/creativ-bee\/wp-content\/uploads\/sites\/4\/2023\/09\/Schiffe-2048x2048.jpg 2048w, https:\/\/werthwein-gbr.de\/creativ-bee\/wp-content\/uploads\/sites\/4\/2023\/09\/Schiffe-64x64.jpg 64w, https:\/\/werthwein-gbr.de\/creativ-bee\/wp-content\/uploads\/sites\/4\/2023\/09\/Schiffe-600x600.jpg 600w, https:\/\/werthwein-gbr.de\/creativ-bee\/wp-content\/uploads\/sites\/4\/2023\/09\/Schiffe-465x465.jpg 465w, https:\/\/werthwein-gbr.de\/creativ-bee\/wp-content\/uploads\/sites\/4\/2023\/09\/Schiffe-100x100.jpg 100w, https:\/\/werthwein-gbr.de\/creativ-bee\/wp-content\/uploads\/sites\/4\/2023\/09\/Schiffe-930x930.jpg 930w\" sizes=\"(max-width: 1024px) 100vw, 1024px\" \/><\/figure>\n<\/div><\/div><\/div><\/div>\n\n\n\n<div class=\"wp-block-kadence-slide kb-advanced-slide-item kb-slide-1717_d80d89-4f\"><div class=\"kb-advanced-slide\"><div class=\"kb-advanced-slide-inner-wrap\"><div class=\"kb-advanced-slide-inner\">\n<figure class=\"wp-block-image size-large\"><img decoding=\"async\" width=\"1024\" height=\"1024\" src=\"https:\/\/werthwein-gbr.de\/creativ-bee\/wp-content\/uploads\/sites\/4\/2023\/09\/Leuchtturm-1024x1024.jpg\" alt=\"\" class=\"wp-image-1725\" title=\"\" srcset=\"https:\/\/werthwein-gbr.de\/creativ-bee\/wp-content\/uploads\/sites\/4\/2023\/09\/Leuchtturm-1024x1024.jpg 1024w, https:\/\/werthwein-gbr.de\/creativ-bee\/wp-content\/uploads\/sites\/4\/2023\/09\/Leuchtturm-300x300.jpg 300w, https:\/\/werthwein-gbr.de\/creativ-bee\/wp-content\/uploads\/sites\/4\/2023\/09\/Leuchtturm-150x150.jpg 150w, https:\/\/werthwein-gbr.de\/creativ-bee\/wp-content\/uploads\/sites\/4\/2023\/09\/Leuchtturm-768x768.jpg 768w, https:\/\/werthwein-gbr.de\/creativ-bee\/wp-content\/uploads\/sites\/4\/2023\/09\/Leuchtturm-1536x1536.jpg 1536w, https:\/\/werthwein-gbr.de\/creativ-bee\/wp-content\/uploads\/sites\/4\/2023\/09\/Leuchtturm-2048x2048.jpg 2048w, https:\/\/werthwein-gbr.de\/creativ-bee\/wp-content\/uploads\/sites\/4\/2023\/09\/Leuchtturm-64x64.jpg 64w, https:\/\/werthwein-gbr.de\/creativ-bee\/wp-content\/uploads\/sites\/4\/2023\/09\/Leuchtturm-600x600.jpg 600w, https:\/\/werthwein-gbr.de\/creativ-bee\/wp-content\/uploads\/sites\/4\/2023\/09\/Leuchtturm-465x465.jpg 465w, https:\/\/werthwein-gbr.de\/creativ-bee\/wp-content\/uploads\/sites\/4\/2023\/09\/Leuchtturm-100x100.jpg 100w\" sizes=\"(max-width: 1024px) 100vw, 1024px\" \/><\/figure>\n<\/div><\/div><\/div><\/div>\n\n\n\n<div class=\"wp-block-kadence-slide kb-advanced-slide-item kb-slide-1717_5abfa4-73\"><div class=\"kb-advanced-slide\"><div class=\"kb-advanced-slide-inner-wrap\"><div class=\"kb-advanced-slide-inner\">\n<figure class=\"wp-block-image size-large\"><img decoding=\"async\" width=\"1024\" height=\"683\" src=\"https:\/\/werthwein-gbr.de\/creativ-bee\/wp-content\/uploads\/sites\/4\/2023\/09\/Button-Herbstmesse_web-1024x683.jpg\" alt=\"\" class=\"wp-image-1746\" title=\"\" srcset=\"https:\/\/werthwein-gbr.de\/creativ-bee\/wp-content\/uploads\/sites\/4\/2023\/09\/Button-Herbstmesse_web-1024x683.jpg 1024w, https:\/\/werthwein-gbr.de\/creativ-bee\/wp-content\/uploads\/sites\/4\/2023\/09\/Button-Herbstmesse_web-300x200.jpg 300w, https:\/\/werthwein-gbr.de\/creativ-bee\/wp-content\/uploads\/sites\/4\/2023\/09\/Button-Herbstmesse_web-768x512.jpg 768w, https:\/\/werthwein-gbr.de\/creativ-bee\/wp-content\/uploads\/sites\/4\/2023\/09\/Button-Herbstmesse_web-600x400.jpg 600w, https:\/\/werthwein-gbr.de\/creativ-bee\/wp-content\/uploads\/sites\/4\/2023\/09\/Button-Herbstmesse_web-64x43.jpg 64w, https:\/\/werthwein-gbr.de\/creativ-bee\/wp-content\/uploads\/sites\/4\/2023\/09\/Button-Herbstmesse_web.jpg 1200w\" sizes=\"(max-width: 1024px) 100vw, 1024px\" \/><\/figure>\n<\/div><\/div><\/div><\/div>\n\n<\/ul><\/div><\/div><\/div><\/div><\/div><\/div><\/div>\n\n<\/div><\/div>\n\n<style>.kb-row-layout-id1717_75e45f-c7 > .kt-row-column-wrap{align-content:start;}:where(.kb-row-layout-id1717_75e45f-c7 > .kt-row-column-wrap) > .wp-block-kadence-column{justify-content:start;}.kb-row-layout-id1717_75e45f-c7 > .kt-row-column-wrap{column-gap:var(--global-kb-gap-md, 2rem);row-gap:var(--global-kb-gap-md, 2rem);padding-top:var(--global-kb-spacing-sm, 1.5rem);padding-bottom:var(--global-kb-spacing-sm, 1.5rem);grid-template-columns:minmax(0, 1fr);}.kb-row-layout-id1717_75e45f-c7 > .kt-row-layout-overlay{opacity:0.30;}@media all and (max-width: 1024px){.kb-row-layout-id1717_75e45f-c7 > .kt-row-column-wrap{grid-template-columns:minmax(0, 1fr);}}@media all and (max-width: 767px){.kb-row-layout-id1717_75e45f-c7 > .kt-row-column-wrap{grid-template-columns:minmax(0, 1fr);}}<\/style><div class=\"kb-row-layout-wrap kb-row-layout-id1717_75e45f-c7 alignnone wp-block-kadence-rowlayout\"><div class=\"kt-row-column-wrap kt-has-1-columns kt-row-layout-equal kt-tab-layout-inherit kt-mobile-layout-row kt-row-valign-top\">\n<style>.kadence-column1717_2ef262-35 > .kt-inside-inner-col,.kadence-column1717_2ef262-35 > .kt-inside-inner-col:before{border-top-left-radius:0px;border-top-right-radius:0px;border-bottom-right-radius:0px;border-bottom-left-radius:0px;}.kadence-column1717_2ef262-35 > .kt-inside-inner-col{column-gap:var(--global-kb-gap-sm, 1rem);}.kadence-column1717_2ef262-35 > .kt-inside-inner-col{flex-direction:column;}.kadence-column1717_2ef262-35 > .kt-inside-inner-col > .aligncenter{width:100%;}.kadence-column1717_2ef262-35 > .kt-inside-inner-col:before{opacity:0.3;}.kadence-column1717_2ef262-35{position:relative;}@media all and (max-width: 1024px){.kadence-column1717_2ef262-35 > .kt-inside-inner-col{flex-direction:column;justify-content:center;}}@media all and (max-width: 767px){.kadence-column1717_2ef262-35 > .kt-inside-inner-col{flex-direction:column;justify-content:center;}}<\/style>\n<div class=\"wp-block-kadence-column kadence-column1717_2ef262-35 inner-column-1\"><div class=\"kt-inside-inner-col\">\n<div data-wp-interactive=\"core\/file\" class=\"wp-block-file\"><object data-wp-bind--hidden=\"!state.hasPdfPreview\" hidden class=\"wp-block-file__embed\" data=\"https:\/\/werthwein-gbr.de\/creativ-bee\/wp-content\/uploads\/sites\/4\/2023\/09\/Folder-HeTa23.pdf\" type=\"application\/pdf\" style=\"width:100%;height:600px\" aria-label=\"Einbettung von Folder HeTa23.\"><\/object><a id=\"wp-block-file--media-d7582d93-7c3d-4869-8da2-83c316feea61\" href=\"https:\/\/werthwein-gbr.de\/creativ-bee\/wp-content\/uploads\/sites\/4\/2023\/09\/Folder-HeTa23.pdf\">Folder HeTa23<\/a><a href=\"https:\/\/werthwein-gbr.de\/creativ-bee\/wp-content\/uploads\/sites\/4\/2023\/09\/Folder-HeTa23.pdf\" class=\"wp-block-file__button wp-element-button\" aria-describedby=\"wp-block-file--media-d7582d93-7c3d-4869-8da2-83c316feea61\" download>Herunterladen<\/a><\/div>\n<\/div><\/div>\n\n<\/div><\/div>\n\n<style>.kb-row-layout-id1717_d278ad-58 > .kt-row-column-wrap{align-content:start;}:where(.kb-row-layout-id1717_d278ad-58 > .kt-row-column-wrap) > .wp-block-kadence-column{justify-content:start;}.kb-row-layout-id1717_d278ad-58 > .kt-row-column-wrap{column-gap:var(--global-kb-gap-md, 2rem);row-gap:var(--global-kb-gap-md, 2rem);padding-top:var(--global-kb-spacing-sm, 1.5rem);padding-bottom:var(--global-kb-spacing-sm, 1.5rem);grid-template-columns:minmax(0, 1fr);}.kb-row-layout-id1717_d278ad-58{background-color:#fefa02;}.kb-row-layout-id1717_d278ad-58 > .kt-row-layout-overlay{opacity:0.30;}@media all and (max-width: 1024px){.kb-row-layout-id1717_d278ad-58 > .kt-row-column-wrap{grid-template-columns:minmax(0, 1fr);}}@media all and (max-width: 767px){.kb-row-layout-id1717_d278ad-58 > .kt-row-column-wrap{grid-template-columns:minmax(0, 1fr);}}<\/style><div class=\"kb-row-layout-wrap kb-row-layout-id1717_d278ad-58 aligncenter kt-row-has-bg wp-block-kadence-rowlayout\"><div class=\"kt-row-column-wrap kt-has-1-columns kt-row-layout-equal kt-tab-layout-inherit kt-mobile-layout-row kt-row-valign-top\">\n<style>.kadence-column1717_bc2f7a-be > .kt-inside-inner-col,.kadence-column1717_bc2f7a-be > .kt-inside-inner-col:before{border-top-left-radius:0px;border-top-right-radius:0px;border-bottom-right-radius:0px;border-bottom-left-radius:0px;}.kadence-column1717_bc2f7a-be > .kt-inside-inner-col{column-gap:var(--global-kb-gap-sm, 1rem);}.kadence-column1717_bc2f7a-be > .kt-inside-inner-col{flex-direction:column;}.kadence-column1717_bc2f7a-be > .kt-inside-inner-col > .aligncenter{width:100%;}.kadence-column1717_bc2f7a-be > .kt-inside-inner-col:before{opacity:0.3;}.kadence-column1717_bc2f7a-be{position:relative;}@media all and (max-width: 1024px){.kadence-column1717_bc2f7a-be > .kt-inside-inner-col{flex-direction:column;justify-content:center;}}@media all and (max-width: 767px){.kadence-column1717_bc2f7a-be > .kt-inside-inner-col{flex-direction:column;justify-content:center;}}<\/style>\n<div class=\"wp-block-kadence-column kadence-column1717_bc2f7a-be inner-column-1\"><div class=\"kt-inside-inner-col\">\n<p class=\"has-text-align-center\"><strong>Wir freuen uns schon heute und hoffen auf gutes Wetter.<\/strong><\/p>\n<\/div><\/div>\n\n<\/div><\/div>","protected":false},"excerpt":{"rendered":"<p>Langenburger Herbsttage am 30. September und 1. Oktober 2023<\/p>\n","protected":false},"author":9,"featured_media":1721,"comment_status":"closed","ping_status":"closed","sticky":false,"template":"","format":"standard","meta":{"_acf_changed":false,"_uag_custom_page_level_css":"","_kad_blocks_custom_css":"","_kad_blocks_head_custom_js":"","_kad_blocks_body_custom_js":"","_kad_blocks_footer_custom_js":"","_kad_post_transparent":"","_kad_post_title":"","_kad_post_layout":"","_kad_post_sidebar_id":"","_kad_post_content_style":"","_kad_post_vertical_padding":"","_kad_post_feature":"","_kad_post_feature_position":"","_kad_post_header":false,"_kad_post_footer":false,"_kad_post_classname":"","footnotes":""},"categories":[80],"tags":[],"class_list":["post-1717","post","type-post","status-publish","format-standard","has-post-thumbnail","hentry","category-immer-auf-dem-laufendem-bleiben"],"acf":[],"taxonomy_info":{"category":[{"value":80,"label":"News &amp; Aktuelles"}]},"featured_image_src_large":["https:\/\/werthwein-gbr.de\/creativ-bee\/wp-content\/uploads\/sites\/4\/2023\/09\/IMG_8225-99R-web.jpg",720,465,false],"author_info":{"display_name":"Andreas Werthwein","author_link":"https:\/\/werthwein-gbr.de\/creativ-bee\/author\/andreaswerthwein\/"},"comment_info":0,"category_info":[{"term_id":80,"name":"News &amp; Aktuelles","slug":"immer-auf-dem-laufendem-bleiben","term_group":0,"term_taxonomy_id":80,"taxonomy":"category","description":"","parent":0,"count":4,"filter":"raw","term_order":"0","cat_ID":80,"category_count":4,"category_description":"","cat_name":"News &amp; Aktuelles","category_nicename":"immer-auf-dem-laufendem-bleiben","category_parent":0}],"tag_info":false,"uagb_featured_image_src":{"full":["https:\/\/werthwein-gbr.de\/creativ-bee\/wp-content\/uploads\/sites\/4\/2023\/09\/IMG_8225-99R-web.jpg",720,465,false],"thumbnail":["https:\/\/werthwein-gbr.de\/creativ-bee\/wp-content\/uploads\/sites\/4\/2023\/09\/IMG_8225-99R-web-150x150.jpg",150,150,true],"medium":["https:\/\/werthwein-gbr.de\/creativ-bee\/wp-content\/uploads\/sites\/4\/2023\/09\/IMG_8225-99R-web-300x194.jpg",300,194,true],"medium_large":["https:\/\/werthwein-gbr.de\/creativ-bee\/wp-content\/uploads\/sites\/4\/2023\/09\/IMG_8225-99R-web.jpg",720,465,false],"large":["https:\/\/werthwein-gbr.de\/creativ-bee\/wp-content\/uploads\/sites\/4\/2023\/09\/IMG_8225-99R-web.jpg",720,465,false],"1536x1536":["https:\/\/werthwein-gbr.de\/creativ-bee\/wp-content\/uploads\/sites\/4\/2023\/09\/IMG_8225-99R-web.jpg",720,465,false],"2048x2048":["https:\/\/werthwein-gbr.de\/creativ-bee\/wp-content\/uploads\/sites\/4\/2023\/09\/IMG_8225-99R-web.jpg",720,465,false],"gform-image-choice-sm":["https:\/\/werthwein-gbr.de\/creativ-bee\/wp-content\/uploads\/sites\/4\/2023\/09\/IMG_8225-99R-web.jpg",300,194,false],"gform-image-choice-md":["https:\/\/werthwein-gbr.de\/creativ-bee\/wp-content\/uploads\/sites\/4\/2023\/09\/IMG_8225-99R-web.jpg",400,258,false],"gform-image-choice-lg":["https:\/\/werthwein-gbr.de\/creativ-bee\/wp-content\/uploads\/sites\/4\/2023\/09\/IMG_8225-99R-web.jpg",600,388,false],"woocommerce_thumbnail":["https:\/\/werthwein-gbr.de\/creativ-bee\/wp-content\/uploads\/sites\/4\/2023\/09\/IMG_8225-99R-web-600x388.jpg",600,388,true],"woocommerce_single":["https:\/\/werthwein-gbr.de\/creativ-bee\/wp-content\/uploads\/sites\/4\/2023\/09\/IMG_8225-99R-web-465x465.jpg",465,465,true],"woocommerce_gallery_thumbnail":["https:\/\/werthwein-gbr.de\/creativ-bee\/wp-content\/uploads\/sites\/4\/2023\/09\/IMG_8225-99R-web-100x100.jpg",100,100,true],"dgwt-wcas-product-suggestion":["https:\/\/werthwein-gbr.de\/creativ-bee\/wp-content\/uploads\/sites\/4\/2023\/09\/IMG_8225-99R-web-64x41.jpg",64,41,true]},"uagb_author_info":{"display_name":"Andreas Werthwein","author_link":"https:\/\/werthwein-gbr.de\/creativ-bee\/author\/andreaswerthwein\/"},"uagb_comment_info":0,"uagb_excerpt":"Langenburger Herbsttage am 30. September und 1. Oktober 2023","_links":{"self":[{"href":"https:\/\/werthwein-gbr.de\/creativ-bee\/wp-json\/wp\/v2\/posts\/1717","targetHints":{"allow":["GET"]}}],"collection":[{"href":"https:\/\/werthwein-gbr.de\/creativ-bee\/wp-json\/wp\/v2\/posts"}],"about":[{"href":"https:\/\/werthwein-gbr.de\/creativ-bee\/wp-json\/wp\/v2\/types\/post"}],"author":[{"embeddable":true,"href":"https:\/\/werthwein-gbr.de\/creativ-bee\/wp-json\/wp\/v2\/users\/9"}],"replies":[{"embeddable":true,"href":"https:\/\/werthwein-gbr.de\/creativ-bee\/wp-json\/wp\/v2\/comments?post=1717"}],"version-history":[{"count":10,"href":"https:\/\/werthwein-gbr.de\/creativ-bee\/wp-json\/wp\/v2\/posts\/1717\/revisions"}],"predecessor-version":[{"id":1747,"href":"https:\/\/werthwein-gbr.de\/creativ-bee\/wp-json\/wp\/v2\/posts\/1717\/revisions\/1747"}],"wp:featuredmedia":[{"embeddable":true,"href":"https:\/\/werthwein-gbr.de\/creativ-bee\/wp-json\/wp\/v2\/media\/1721"}],"wp:attachment":[{"href":"https:\/\/werthwein-gbr.de\/creativ-bee\/wp-json\/wp\/v2\/media?parent=1717"}],"wp:term":[{"taxonomy":"category","embeddable":true,"href":"https:\/\/werthwein-gbr.de\/creativ-bee\/wp-json\/wp\/v2\/categories?post=1717"},{"taxonomy":"post_tag","embeddable":true,"href":"https:\/\/werthwein-gbr.de\/creativ-bee\/wp-json\/wp\/v2\/tags?post=1717"}],"curies":[{"name":"wp","href":"https:\/\/api.w.org\/{rel}","templated":true}]}}